{"id":4816,"date":"2023-03-16T14:25:15","date_gmt":"2023-03-16T14:25:15","guid":{"rendered":"https:\/\/comerio.it\/?p=4816"},"modified":"2023-03-16T14:28:48","modified_gmt":"2023-03-16T14:28:48","slug":"21-23-march-2023-rodolfo-comerio-at-tire-technology-expo","status":"publish","type":"post","link":"https:\/\/comerio.it\/it\/21-23-march-2023-rodolfo-comerio-at-tire-technology-expo\/","title":{"rendered":"21-23 MARZO 2023 &#8211; RODOLFO COMERIO AL TIRE TECHNOLOGY EXPO"},"content":{"rendered":"<p>TIRE TECHNOLOGY EXPO 2023 \u00e8 alle porte: la pi\u00f9 importante fiera europea dedicata alle tecnologie di produzione di pneumatici si terr\u00e0 dal 21 al 23 marzo ad Hannover e, come ogni anno, il nostro team commerciale sar\u00e0 presente per tutto il periodo della fiera per presentare e discutere le nostre ultime innovazioni brevettate nella calandratura della gomma, gi\u00e0 implementate in importanti progetti per i maggiori produttori di pneumatici.<\/p>\n<p>Venite a visitare il nostro stand &#x1f4cd; 7048, Hall 21, saremo lieti di incontrarvi!<\/p>\n<p>A presto!<img loading=\"lazy\" decoding=\"async\" class=\"aligncenter size-full wp-image-4817\" src=\"https:\/\/comerio.it\/wp-content\/uploads\/2023\/03\/Invito-Tire-2023.png\" alt=\"\" width=\"1655\" height=\"1600\" srcset=\"https:\/\/comerio.it\/wp-content\/uploads\/2023\/03\/Invito-Tire-2023.png 1655w, https:\/\/comerio.it\/wp-content\/uploads\/2023\/03\/Invito-Tire-2023-1280x1237.png 1280w, https:\/\/comerio.it\/wp-content\/uploads\/2023\/03\/Invito-Tire-2023-980x947.png 980w, https:\/\/comerio.it\/wp-content\/uploads\/2023\/03\/Invito-Tire-2023-480x464.png 480w\" sizes=\"auto, (min-width: 0px) and (max-width: 480px) 480px, (min-width: 481px) and (max-width: 980px) 980px, (min-width: 981px) and (max-width: 1280px) 1280px, (min-width: 1281px) 1655px, 100vw\" \/><\/p>\n","protected":false},"excerpt":{"rendered":"<p>TIRE TECHNOLOGY EXPO 2023 \u00e8 alle porte: la pi\u00f9 importante fiera europea dedicata alle tecnologie di produzione di pneumatici si terr\u00e0 dal 21 al 23 marzo ad Hannover e, come ogni anno, il nostro team commerciale sar\u00e0 presente per tutto il periodo della fiera per presentare e discutere le nostre ultime innovazioni brevettate nella calandratura [&hellip;]<\/p>\n","protected":false},"author":3,"featured_media":0,"comment_status":"open","ping_status":"open","sticky":false,"template":"","format":"standard","meta":{"_et_pb_use_builder":"","_et_pb_old_content":"","_et_gb_content_width":"","footnotes":""},"categories":[25],"tags":[],"class_list":["post-4816","post","type-post","status-publish","format-standard","hentry","category-eventi"],"yoast_head":"<!-- This site is optimized with the Yoast SEO plugin v16.7 - https:\/\/yoast.com\/wordpress\/plugins\/seo\/ -->\n<title>21-23 MARZO 2023 - RODOLFO COMERIO AL TIRE TECHNOLOGY EXPO | Rodolfo Comerio<\/title>\n<meta name=\"robots\" content=\"index, follow, max-snippet:-1, max-image-preview:large, max-video-preview:-1\" \/>\n<link rel=\"canonical\" href=\"https:\/\/comerio.it\/it\/21-23-march-2023-rodolfo-comerio-at-tire-technology-expo\/\" \/>\n<meta property=\"og:locale\" content=\"it_IT\" \/>\n<meta property=\"og:type\" content=\"article\" \/>\n<meta property=\"og:title\" content=\"21-23 MARZO 2023 - RODOLFO COMERIO AL TIRE TECHNOLOGY EXPO | Rodolfo Comerio\" \/>\n<meta property=\"og:description\" content=\"TIRE TECHNOLOGY EXPO 2023 \u00e8 alle porte: la pi\u00f9 importante fiera europea dedicata alle tecnologie di produzione di pneumatici si terr\u00e0 dal 21 al 23 marzo ad Hannover e, come ogni anno, il nostro team commerciale sar\u00e0 presente per tutto il periodo della fiera per presentare e discutere le nostre ultime innovazioni brevettate nella calandratura [&hellip;]\" \/>\n<meta property=\"og:url\" content=\"https:\/\/comerio.it\/it\/21-23-march-2023-rodolfo-comerio-at-tire-technology-expo\/\" \/>\n<meta property=\"og:site_name\" content=\"Rodolfo Comerio\" \/>\n<meta property=\"article:published_time\" content=\"2023-03-16T14:25:15+00:00\" \/>\n<meta property=\"article:modified_time\" content=\"2023-03-16T14:28:48+00:00\" \/>\n<meta property=\"og:image\" content=\"https:\/\/comerio.it\/wp-content\/uploads\/2023\/03\/Invito-Tire-2023.png\" \/>\n<meta name=\"twitter:card\" content=\"summary_large_image\" \/>\n<meta name=\"twitter:label1\" content=\"Scritto da\" \/>\n\t<meta name=\"twitter:data1\" content=\"comerio\" \/>\n\t<meta name=\"twitter:label2\" content=\"Tempo di lettura stimato\" \/>\n\t<meta name=\"twitter:data2\" content=\"1 minuto\" \/>\n<script type=\"application\/ld+json\" class=\"yoast-schema-graph\">{\"@context\":\"https:\/\/schema.org\",\"@graph\":[{\"@type\":\"WebSite\",\"@id\":\"https:\/\/comerio.it\/it\/#website\",\"url\":\"https:\/\/comerio.it\/it\/\",\"name\":\"Rodolfo Comerio\",\"description\":\"Machines for Plastic and Rubber Processing\",\"potentialAction\":[{\"@type\":\"SearchAction\",\"target\":{\"@type\":\"EntryPoint\",\"urlTemplate\":\"https:\/\/comerio.it\/it\/?s={search_term_string}\"},\"query-input\":\"required name=search_term_string\"}],\"inLanguage\":\"it-IT\"},{\"@type\":\"ImageObject\",\"@id\":\"https:\/\/comerio.it\/it\/21-23-march-2023-rodolfo-comerio-at-tire-technology-expo\/#primaryimage\",\"inLanguage\":\"it-IT\",\"url\":\"https:\/\/comerio.it\/wp-content\/uploads\/2023\/03\/Invito-Tire-2023.png\",\"contentUrl\":\"https:\/\/comerio.it\/wp-content\/uploads\/2023\/03\/Invito-Tire-2023.png\",\"width\":1655,\"height\":1600},{\"@type\":\"WebPage\",\"@id\":\"https:\/\/comerio.it\/it\/21-23-march-2023-rodolfo-comerio-at-tire-technology-expo\/#webpage\",\"url\":\"https:\/\/comerio.it\/it\/21-23-march-2023-rodolfo-comerio-at-tire-technology-expo\/\",\"name\":\"21-23 MARZO 2023 - RODOLFO COMERIO AL TIRE TECHNOLOGY EXPO | Rodolfo Comerio\",\"isPartOf\":{\"@id\":\"https:\/\/comerio.it\/it\/#website\"},\"primaryImageOfPage\":{\"@id\":\"https:\/\/comerio.it\/it\/21-23-march-2023-rodolfo-comerio-at-tire-technology-expo\/#primaryimage\"},\"datePublished\":\"2023-03-16T14:25:15+00:00\",\"dateModified\":\"2023-03-16T14:28:48+00:00\",\"author\":{\"@id\":\"https:\/\/comerio.it\/it\/#\/schema\/person\/bd726f6d26b35d0e5ab69650c26502e8\"},\"breadcrumb\":{\"@id\":\"https:\/\/comerio.it\/it\/21-23-march-2023-rodolfo-comerio-at-tire-technology-expo\/#breadcrumb\"},\"inLanguage\":\"it-IT\",\"potentialAction\":[{\"@type\":\"ReadAction\",\"target\":[\"https:\/\/comerio.it\/it\/21-23-march-2023-rodolfo-comerio-at-tire-technology-expo\/\"]}]},{\"@type\":\"BreadcrumbList\",\"@id\":\"https:\/\/comerio.it\/it\/21-23-march-2023-rodolfo-comerio-at-tire-technology-expo\/#breadcrumb\",\"itemListElement\":[{\"@type\":\"ListItem\",\"position\":1,\"name\":\"HOME\",\"item\":\"https:\/\/comerio.it\/it\/\"},{\"@type\":\"ListItem\",\"position\":2,\"name\":\"21-23 MARZO 2023 &#8211; RODOLFO COMERIO AL TIRE TECHNOLOGY EXPO\"}]},{\"@type\":\"Person\",\"@id\":\"https:\/\/comerio.it\/it\/#\/schema\/person\/bd726f6d26b35d0e5ab69650c26502e8\",\"name\":\"comerio\",\"image\":{\"@type\":\"ImageObject\",\"@id\":\"https:\/\/comerio.it\/it\/#personlogo\",\"inLanguage\":\"it-IT\",\"url\":\"https:\/\/secure.gravatar.com\/avatar\/222597fa7e47c5d4902c96cf82ea3179b0ad94098d3ed6a23edea305ca96bd5d?s=96&d=mm&r=g\",\"contentUrl\":\"https:\/\/secure.gravatar.com\/avatar\/222597fa7e47c5d4902c96cf82ea3179b0ad94098d3ed6a23edea305ca96bd5d?s=96&d=mm&r=g\",\"caption\":\"comerio\"},\"url\":\"https:\/\/comerio.it\/it\/author\/comerio\/\"}]}<\/script>\n<!-- \/ Yoast SEO plugin. -->","yoast_head_json":{"title":"21-23 MARZO 2023 - RODOLFO COMERIO AL TIRE TECHNOLOGY EXPO | Rodolfo Comerio","robots":{"index":"index","follow":"follow","max-snippet":"max-snippet:-1","max-image-preview":"max-image-preview:large","max-video-preview":"max-video-preview:-1"},"canonical":"https:\/\/comerio.it\/it\/21-23-march-2023-rodolfo-comerio-at-tire-technology-expo\/","og_locale":"it_IT","og_type":"article","og_title":"21-23 MARZO 2023 - RODOLFO COMERIO AL TIRE TECHNOLOGY EXPO | Rodolfo Comerio","og_description":"TIRE TECHNOLOGY EXPO 2023 \u00e8 alle porte: la pi\u00f9 importante fiera europea dedicata alle tecnologie di produzione di pneumatici si terr\u00e0 dal 21 al 23 marzo ad Hannover e, come ogni anno, il nostro team commerciale sar\u00e0 presente per tutto il periodo della fiera per presentare e discutere le nostre ultime innovazioni brevettate nella calandratura [&hellip;]","og_url":"https:\/\/comerio.it\/it\/21-23-march-2023-rodolfo-comerio-at-tire-technology-expo\/","og_site_name":"Rodolfo Comerio","article_published_time":"2023-03-16T14:25:15+00:00","article_modified_time":"2023-03-16T14:28:48+00:00","og_image":[{"url":"https:\/\/comerio.it\/wp-content\/uploads\/2023\/03\/Invito-Tire-2023.png"}],"twitter_card":"summary_large_image","twitter_misc":{"Scritto da":"comerio","Tempo di lettura stimato":"1 minuto"},"schema":{"@context":"https:\/\/schema.org","@graph":[{"@type":"WebSite","@id":"https:\/\/comerio.it\/it\/#website","url":"https:\/\/comerio.it\/it\/","name":"Rodolfo Comerio","description":"Machines for Plastic and Rubber Processing","potentialAction":[{"@type":"SearchAction","target":{"@type":"EntryPoint","urlTemplate":"https:\/\/comerio.it\/it\/?s={search_term_string}"},"query-input":"required name=search_term_string"}],"inLanguage":"it-IT"},{"@type":"ImageObject","@id":"https:\/\/comerio.it\/it\/21-23-march-2023-rodolfo-comerio-at-tire-technology-expo\/#primaryimage","inLanguage":"it-IT","url":"https:\/\/comerio.it\/wp-content\/uploads\/2023\/03\/Invito-Tire-2023.png","contentUrl":"https:\/\/comerio.it\/wp-content\/uploads\/2023\/03\/Invito-Tire-2023.png","width":1655,"height":1600},{"@type":"WebPage","@id":"https:\/\/comerio.it\/it\/21-23-march-2023-rodolfo-comerio-at-tire-technology-expo\/#webpage","url":"https:\/\/comerio.it\/it\/21-23-march-2023-rodolfo-comerio-at-tire-technology-expo\/","name":"21-23 MARZO 2023 - RODOLFO COMERIO AL TIRE TECHNOLOGY EXPO | Rodolfo Comerio","isPartOf":{"@id":"https:\/\/comerio.it\/it\/#website"},"primaryImageOfPage":{"@id":"https:\/\/comerio.it\/it\/21-23-march-2023-rodolfo-comerio-at-tire-technology-expo\/#primaryimage"},"datePublished":"2023-03-16T14:25:15+00:00","dateModified":"2023-03-16T14:28:48+00:00","author":{"@id":"https:\/\/comerio.it\/it\/#\/schema\/person\/bd726f6d26b35d0e5ab69650c26502e8"},"breadcrumb":{"@id":"https:\/\/comerio.it\/it\/21-23-march-2023-rodolfo-comerio-at-tire-technology-expo\/#breadcrumb"},"inLanguage":"it-IT","potentialAction":[{"@type":"ReadAction","target":["https:\/\/comerio.it\/it\/21-23-march-2023-rodolfo-comerio-at-tire-technology-expo\/"]}]},{"@type":"BreadcrumbList","@id":"https:\/\/comerio.it\/it\/21-23-march-2023-rodolfo-comerio-at-tire-technology-expo\/#breadcrumb","itemListElement":[{"@type":"ListItem","position":1,"name":"HOME","item":"https:\/\/comerio.it\/it\/"},{"@type":"ListItem","position":2,"name":"21-23 MARZO 2023 &#8211; RODOLFO COMERIO AL TIRE TECHNOLOGY EXPO"}]},{"@type":"Person","@id":"https:\/\/comerio.it\/it\/#\/schema\/person\/bd726f6d26b35d0e5ab69650c26502e8","name":"comerio","image":{"@type":"ImageObject","@id":"https:\/\/comerio.it\/it\/#personlogo","inLanguage":"it-IT","url":"https:\/\/secure.gravatar.com\/avatar\/222597fa7e47c5d4902c96cf82ea3179b0ad94098d3ed6a23edea305ca96bd5d?s=96&d=mm&r=g","contentUrl":"https:\/\/secure.gravatar.com\/avatar\/222597fa7e47c5d4902c96cf82ea3179b0ad94098d3ed6a23edea305ca96bd5d?s=96&d=mm&r=g","caption":"comerio"},"url":"https:\/\/comerio.it\/it\/author\/comerio\/"}]}},"_links":{"self":[{"href":"https:\/\/comerio.it\/it\/wp-json\/wp\/v2\/posts\/4816","targetHints":{"allow":["GET"]}}],"collection":[{"href":"https:\/\/comerio.it\/it\/wp-json\/wp\/v2\/posts"}],"about":[{"href":"https:\/\/comerio.it\/it\/wp-json\/wp\/v2\/types\/post"}],"author":[{"embeddable":true,"href":"https:\/\/comerio.it\/it\/wp-json\/wp\/v2\/users\/3"}],"replies":[{"embeddable":true,"href":"https:\/\/comerio.it\/it\/wp-json\/wp\/v2\/comments?post=4816"}],"version-history":[{"count":3,"href":"https:\/\/comerio.it\/it\/wp-json\/wp\/v2\/posts\/4816\/revisions"}],"predecessor-version":[{"id":4821,"href":"https:\/\/comerio.it\/it\/wp-json\/wp\/v2\/posts\/4816\/revisions\/4821"}],"wp:attachment":[{"href":"https:\/\/comerio.it\/it\/wp-json\/wp\/v2\/media?parent=4816"}],"wp:term":[{"taxonomy":"category","embeddable":true,"href":"https:\/\/comerio.it\/it\/wp-json\/wp\/v2\/categories?post=4816"},{"taxonomy":"post_tag","embeddable":true,"href":"https:\/\/comerio.it\/it\/wp-json\/wp\/v2\/tags?post=4816"}],"curies":[{"name":"wp","href":"https:\/\/api.w.org\/{rel}","templated":true}]}}